{"id":1726,"date":"2025-04-26T20:18:44","date_gmt":"2025-04-26T23:18:44","guid":{"rendered":"https:\/\/sites.icb.ufmg.br\/labtaxo\/?p=1726"},"modified":"2025-04-26T20:22:35","modified_gmt":"2025-04-26T23:22:35","slug":"pesquisadora-do-inct-leveduras-recebe-medalha-de-merito-da-associacao-brasileira-de-bioinformatica","status":"publish","type":"post","link":"https:\/\/sites.icb.ufmg.br\/labtaxo\/categoria-4\/pesquisadora-do-inct-leveduras-recebe-medalha-de-merito-da-associacao-brasileira-de-bioinformatica\/","title":{"rendered":"Pesquisadora do INCT Leveduras recebe Medalha de M\u00e9rito da Associa\u00e7\u00e3o Brasileira de Bioinform\u00e1tica"},"content":{"rendered":"\n<p><mark style=\"background-color:rgba(0, 0, 0, 0)\" class=\"has-inline-color has-vivid-green-cyan-color\"><em><strong>Gl\u00f3ria Franco, do ICB UFMG, foi reconhecida por sua pesquisa em an\u00e1lise de genomas e transcriptomas<\/strong><\/em><\/mark><\/p>\n\n\n\n<figure class=\"wp-block-image alignleft size-full\"><img fetchpriority=\"high\" decoding=\"async\" width=\"228\" height=\"318\" src=\"https:\/\/sites.icb.ufmg.br\/labtaxo\/wp-content\/uploads\/2025\/04\/Gloria.jpg\" alt=\"\" class=\"wp-image-1727\" srcset=\"https:\/\/sites.icb.ufmg.br\/labtaxo\/wp-content\/uploads\/2025\/04\/Gloria.jpg 228w, https:\/\/sites.icb.ufmg.br\/labtaxo\/wp-content\/uploads\/2025\/04\/Gloria-215x300.jpg 215w\" sizes=\"(max-width: 228px) 100vw, 228px\" \/><\/figure>\n\n\n\n<p><strong>Por suas pesquisas sobre genomas e transcriptomas de diferentes organismos, dentre os quais as leveduras, a bi\u00f3loga Gl\u00f3ria Regina Franco, coordenadora do N\u00facleo de \u00f4micas e bioinform\u00e1tica do Instituto Nacional de Ci\u00eancia e Tecnologia de Leveduras (INCT Leveduras), acaba de receber a Medalha de M\u00e9rito da Associa\u00e7\u00e3o Brasileira de Bioinform\u00e1tica e Biologia Computacional (AB3C)<\/strong>, um reconhecimento \u201cpor seu papel no fortalecimento da bioinform\u00e1tica no Brasil\u201d.<\/p>\n\n\n\n<p><br>Para Gl\u00f3ria Franco, professora titular do Departamento de Bioqu\u00edmica e Imunologia do Instituto de Ci\u00eancias Biol\u00f3gicas da Universidade Federal de Minas Gerais (ICB UFMG), a bioinform\u00e1tica \u00e9 uma \u00e1rea de ponta, muito demandada atualmente para an\u00e1lise, interpreta\u00e7\u00e3o e processamento de dados biol\u00f3gicos complexos. \u201cN\u00e3o s\u00f3 na gen\u00e9tica, na bioqu\u00edmica, na biologia molecular, na fisiologia, na biologia celular, a bioinform\u00e1tica permeia diversos campos, sendo fundamental para o conhecimento da estrutura e fun\u00e7\u00e3o dos genes e suas express\u00f5es nos seres vivos e, assim, auxiliar no desenvolvimento de novas terapias e medicamentos, ou mesmo novos processos biotecnol\u00f3gicos\u201d, ressaltou a professora.<\/p>\n\n\n\n<p><br>Destacando o fato do pr\u00eamio ser concedido a uma mulher, Gl\u00f3ria Franco cita os desafios de atuar em uma \u00e1rea de fronteira do conhecimento majoritariamente composta por profissionais homens oriundos da inform\u00e1tica. \u201cN\u00e3o foi f\u00e1cil ser uma mulher pesquisadora nesse mundo. Apesar do respaldo da comunidade, muitas vezes, temos de provar que temos a compet\u00eancia adequada para atuar na \u00e1rea\u201d, reflete.<\/p>\n\n\n\n<p><br>Gl\u00f3ria Franco foi coordenadora do Programa de P\u00f3s-gradua\u00e7\u00e3o em Bioinform\u00e1tica da UFMG e presidente da Associa\u00e7\u00e3o Brasileira de Bioinform\u00e1tica e Biologia Computacional (AB3C), tendo tamb\u00e9m coordenado dois cursos de extens\u00e3o em bioinform\u00e1tica na mesma universidade. \u00c9 orientadora dos Programas de P\u00f3s-gradua\u00e7\u00e3o em Bioqu\u00edmica e Imunologia e Bioinform\u00e1tica, ambos com nota 7,0 na CAPES.<\/p>\n\n\n\n<p><br><strong><mark style=\"background-color:rgba(0, 0, 0, 0)\" class=\"has-inline-color has-vivid-green-cyan-color\">SOBRE AS LEVEDURAS<\/mark><\/strong><br>De acordo com a professora Gl\u00f3ria Franco, que \u00e9 doutora em Bioqu\u00edmica e Imunologia, <strong>as pesquisas sobre o genoma e o transcriptoma das leveduras ajudam os cientistas a entender melhor o funcionamento desses microrganismos e, assim, contribuir para a melhoria da qualidade de alimentos, medicamentos e bebidas<\/strong>, por exemplo. \u201cElas tamb\u00e9m servem como modelo para o estudo de doen\u00e7as humanas, porque t\u00eam muitas semelhan\u00e7as com nossas c\u00e9lulas. <strong>Entender como elas funcionam e se expressam seus genes pode trazer benef\u00edcios diretos para a sa\u00fade, a ind\u00fastria e o meio ambiente<\/strong>\u201d, esclarece.<\/p>\n\n\n\n<p><br><mark style=\"background-color:rgba(0, 0, 0, 0)\" class=\"has-inline-color has-vivid-green-cyan-color\"><strong>MEDALHA DE M\u00c9RITO CIENT\u00cdFICO<\/strong><\/mark><br>A Medalha de M\u00e9rito Cient\u00edfico \u00e9 a maior honraria concedida pela AB3C em reconhecimento aos pesquisadores e pesquisadoras que atuam na difus\u00e3o, populariza\u00e7\u00e3o e pesquisa em bioinform\u00e1tica no Brasil. A concess\u00e3o ocorre anualmente, regida por edital espec\u00edfico para indica\u00e7\u00e3o de cientistas.<br><\/p>\n\n\n\n<p>De acordo com a AB3C, Gl\u00f3ria Franco vem promovendo colabora\u00e7\u00f5es cient\u00edficas, como incentivo \u00e0 parceria entre institui\u00e7\u00f5es, que consolidaram a \u00e1rea de bioinform\u00e1tica como estrat\u00e9gica para o avan\u00e7o nacional. Al\u00e9m de sua atua\u00e7\u00e3o como educadora, sua pesquisa trouxe avan\u00e7os para diversas \u00e1reas, resultando em mais de 130 publica\u00e7\u00f5es de impacto e colabora\u00e7\u00f5es internacionais. Como educadora, formou 26 mestres e 32 doutores, contribuindo para a dissemina\u00e7\u00e3o da bioinform\u00e1tica no pa\u00eds. \u201cSua lideran\u00e7a e dedica\u00e7\u00e3o \u00e0 ci\u00eancia justificam seu reconhecimento\u201d, destaca o site oficial da institui\u00e7\u00e3o.<\/p>\n\n\n\n<p><br><strong><mark style=\"background-color:rgba(0, 0, 0, 0)\" class=\"has-inline-color has-vivid-green-cyan-color\">AB3C<br><\/mark><\/strong>A Associa\u00e7\u00e3o Brasileira de Bioinform\u00e1tica e Biologia Computacional \u00e9 uma associa\u00e7\u00e3o sem fins lucrativos que tem como objetivo promover o ensino e a pesquisa de Bioinform\u00e1tica e Biologia Computacional. Anualmente, realiza o maior evento nacional da \u00e1rea, o X-Meeting, Congresso Brasileiro de Bioinform\u00e1tica.<\/p>\n\n\n\n<details class=\"wp-block-details is-layout-flow wp-block-details-is-layout-flow\"><summary>Reda\u00e7\u00e3o: Dayse Lacerda<\/summary>\n<p>Jornalista de Ci\u00eancia e Assessora de Comunica\u00e7\u00e3o e Divulga\u00e7\u00e3o Cient\u00edfica do INCT Leveduras. Bolsista de Desenvolvimento Tecnol\u00f3gico e Industrial do CNPq https:\/\/www.linkedin.com\/in\/dayse-lacerda-40b60131\/<\/p>\n<\/details>\n\n\n\n<p><\/p>\n","protected":false},"excerpt":{"rendered":"<p>Gl\u00f3ria Franco, do ICB UFMG, foi reconhecida por sua pesquisa em an\u00e1lise de genomas e transcriptomas Por suas pesquisas sobre genomas e transcriptomas de diferentes organismos, dentre os quais as leveduras, a bi\u00f3loga Gl\u00f3ria Regina Franco, coordenadora do N\u00facleo de \u00f4micas e bioinform\u00e1tica do Instituto Nacional de Ci\u00eancia e Tecnologia de Leveduras (INCT Leveduras), acaba [&hellip;]<\/p>\n","protected":false},"author":2,"featured_media":1727,"comment_status":"closed","ping_status":"","sticky":true,"template":"","format":"standard","meta":{"_acf_changed":false,"inline_featured_image":false,"footnotes":""},"categories":[6],"tags":[],"class_list":["post-1726","post","type-post","status-publish","format-standard","has-post-thumbnail","hentry","category-categoria-4"],"acf":[],"_links":{"self":[{"href":"https:\/\/sites.icb.ufmg.br\/labtaxo\/wp-json\/wp\/v2\/posts\/1726","targetHints":{"allow":["GET"]}}],"collection":[{"href":"https:\/\/sites.icb.ufmg.br\/labtaxo\/wp-json\/wp\/v2\/posts"}],"about":[{"href":"https:\/\/sites.icb.ufmg.br\/labtaxo\/wp-json\/wp\/v2\/types\/post"}],"author":[{"embeddable":true,"href":"https:\/\/sites.icb.ufmg.br\/labtaxo\/wp-json\/wp\/v2\/users\/2"}],"replies":[{"embeddable":true,"href":"https:\/\/sites.icb.ufmg.br\/labtaxo\/wp-json\/wp\/v2\/comments?post=1726"}],"version-history":[{"count":3,"href":"https:\/\/sites.icb.ufmg.br\/labtaxo\/wp-json\/wp\/v2\/posts\/1726\/revisions"}],"predecessor-version":[{"id":1730,"href":"https:\/\/sites.icb.ufmg.br\/labtaxo\/wp-json\/wp\/v2\/posts\/1726\/revisions\/1730"}],"wp:featuredmedia":[{"embeddable":true,"href":"https:\/\/sites.icb.ufmg.br\/labtaxo\/wp-json\/wp\/v2\/media\/1727"}],"wp:attachment":[{"href":"https:\/\/sites.icb.ufmg.br\/labtaxo\/wp-json\/wp\/v2\/media?parent=1726"}],"wp:term":[{"taxonomy":"category","embeddable":true,"href":"https:\/\/sites.icb.ufmg.br\/labtaxo\/wp-json\/wp\/v2\/categories?post=1726"},{"taxonomy":"post_tag","embeddable":true,"href":"https:\/\/sites.icb.ufmg.br\/labtaxo\/wp-json\/wp\/v2\/tags?post=1726"}],"curies":[{"name":"wp","href":"https:\/\/api.w.org\/{rel}","templated":true}]}}