{"id":1254,"date":"2021-06-29T20:35:00","date_gmt":"2021-06-29T20:35:00","guid":{"rendered":"https:\/\/sites.icb.ufmg.br\/leeb\/?p=1254"},"modified":"2021-06-29T21:36:04","modified_gmt":"2021-06-29T21:36:04","slug":"perigo-nas-alturas","status":"publish","type":"post","link":"https:\/\/sites.icb.ufmg.br\/leeb\/perigo-nas-alturas\/","title":{"rendered":"Perigo nas alturas"},"content":{"rendered":"\n<p class=\"has-medium-font-size\"><strong>Grupo identifica\u00a010 esp\u00e9cies amea\u00e7adas em montanhas do leste do Brasil<\/strong><\/p>\n\n\n\n<p>Lenheiro-da-serra-do-cip\u00f3 (\u2018Asthenes luizae\u2019), no Parque Nacional das Sempre-Vivas, Diamantina, MG\u00a0Diego Hoffmann \/UFMG<\/p>\n\n\n\n<div class=\"wp-block-image\"><figure class=\"aligncenter size-large is-resized\"><img fetchpriority=\"high\" decoding=\"async\" src=\"https:\/\/sites.icb.ufmg.br\/leeb\/wp-content\/uploads\/2021\/06\/lenheiro-da-serra-do-cipo-1024x767.jpg\" alt=\"\" class=\"wp-image-1256\" width=\"381\" height=\"285\" srcset=\"https:\/\/sites.icb.ufmg.br\/leeb\/wp-content\/uploads\/2021\/06\/lenheiro-da-serra-do-cipo-1024x767.jpg 1024w, https:\/\/sites.icb.ufmg.br\/leeb\/wp-content\/uploads\/2021\/06\/lenheiro-da-serra-do-cipo-300x225.jpg 300w, https:\/\/sites.icb.ufmg.br\/leeb\/wp-content\/uploads\/2021\/06\/lenheiro-da-serra-do-cipo-768x576.jpg 768w, https:\/\/sites.icb.ufmg.br\/leeb\/wp-content\/uploads\/2021\/06\/lenheiro-da-serra-do-cipo-1536x1151.jpg 1536w, https:\/\/sites.icb.ufmg.br\/leeb\/wp-content\/uploads\/2021\/06\/lenheiro-da-serra-do-cipo-160x120.jpg 160w, https:\/\/sites.icb.ufmg.br\/leeb\/wp-content\/uploads\/2021\/06\/lenheiro-da-serra-do-cipo.jpg 1800w\" sizes=\"(max-width: 381px) 100vw, 381px\" \/><figcaption><sub>Lenheiro-da-serra-do-cip\u00f3 (\u2018Asthenes luizae\u2019)<\/sub><\/figcaption><\/figure><\/div>\n\n\n\n<p>Mudan\u00e7as clim\u00e1ticas em \u00e1reas&nbsp;montanhosas&nbsp;do leste do Brasil amea\u00e7am a sobreviv\u00eancia de 10&nbsp;esp\u00e9cies de aves, que, mesmo em altitudes superiores a 800 metros, n\u00e3o est\u00e3o imunes a&nbsp;a\u00e7\u00f5es antr\u00f3picas.<\/p>\n\n\n\n<p>Proje\u00e7\u00e3o matem\u00e1tica indica a redu\u00e7\u00e3o, at\u00e9 2070,&nbsp;da \u00e1rea de&nbsp;adequabilidade ambiental dessas esp\u00e9cies em at\u00e9 94%. O estudo foi desenvolvido pelos pesquisadores Diego Hoffmann, ornit\u00f3logo da Universidade Federal do Espirito Santo, Marcelo Vasconcelos, ornit\u00f3logo da PUC Minas,&nbsp;e pelo professor e ec\u00f3logo Geraldo Wilson Fernandes, do Instituto de Ci\u00eancias Biol\u00f3gicas da UFMG.<\/p>\n\n\n\n<p>No artigo&nbsp;<em><a href=\"https:\/\/doi.org\/10.1016\/j.pecon.2020.10.005\" target=\"_blank\" rel=\"noreferrer noopener\">O destino das aves end\u00eamicas do topo das montanhas do leste brasileiro em face das mudan\u00e7as clim\u00e1ticas<\/a>,&nbsp;<\/em>publicado na revista internacional Perspectivas em Ecologia e Conserva\u00e7\u00e3o, os pesquisadores mostram que cinco regi\u00f5es montanhosas destacadas como cruciais para a&nbsp;conserva\u00e7\u00e3o dessas esp\u00e9cies de aves est\u00e3o sob forte press\u00e3o da a\u00e7\u00e3o&nbsp;humana: a por\u00e7\u00e3o centro-norte do estado da Bahia, na regi\u00e3o da Chapada Diamantina,&nbsp;o conjunto de montanhas no norte de Minas Gerais e no sul da Bahia,&nbsp;o norte da Serra da Mantiqueira, entre os estados de S\u00e3o Paulo, Rio de Janeiro e Minas Gerais,&nbsp;o maior bloco da por\u00e7\u00e3o centro-sul da Cadeia do Espinha\u00e7o e um pequeno conjunto de \u00e1reas elevadas isoladas no oeste do Esp\u00edrito Santo, em&nbsp;particular&nbsp;a Serra do Capara\u00f3.<\/p>\n\n\n\n<p>O professor Geraldo Wilson Fernandes explica que o estudo considerou os registros de ocorr\u00eancia de cada uma das esp\u00e9cies estudadas e extraiu informa\u00e7\u00f5es sobre as vari\u00e1veis ambientais em cada um desses pontos. As esp\u00e9cies estudadas, end\u00eamicas das regi\u00f5es montanhosas e que habitam \u00e1reas similares, em campos de altitude com afloramento rochosos e vegeta\u00e7\u00e3o arbustiva, s\u00e3o o&nbsp;beija-flor asa-de-sabre (<em>Campylopterus diamantinensis<\/em>), o beija-flor-de-gravata-verde (<em>Augastes scutatus<\/em>), o beija-flor-de-gravata-vermelha (<em>Augastes lumachella<\/em>), o papa-formiga-do-sincor\u00e1 (<em>Formicivora grantsaui<\/em>), o pedreiro-do-espinha\u00e7o (Cinclodes espinhacensis),&nbsp;o lenheiro-da-serra-do-cip\u00f3 (<em>Asthenes luizae<\/em>), a garrincha-chorona (<em>Asthenes moreirae<\/em>),&nbsp;o papa-moscas-de-costas-cinzentas (<em>Polystictus superciliaris<\/em>),&nbsp;o rabo-mole-da-serra (<em>Embernagra longicauda<\/em>) e o tapaculo-da-chapada-diamantina (<em>Scytalopus diamantinensis<\/em>),&nbsp;que prefere arbustos mais elevados.<\/p>\n\n\n\n<p>\u201cUtilizamos cinco algoritmos (fun\u00e7\u00f5es) diferentes para encontrar um padr\u00e3o entre as vari\u00e1veis para essas esp\u00e9cies&nbsp;e projet\u00e1-lo&nbsp;sobre o espa\u00e7o geogr\u00e1fico, com a finalidade de&nbsp;identificar as \u00e1reas com&nbsp;caracter\u00edsticas similares para cada esp\u00e9cie. Um determinado ponto foi considerado adequado para a ocorr\u00eancia de uma esp\u00e9cie se ele&nbsp;foi previsto por pelo menos tr\u00eas dos cinco algoritmos utilizados\u201d, relata Fernandes.<\/p>\n\n\n\n<p>Na avalia\u00e7\u00e3o do professor do ICB,\u00a0a Chapada Diamantina pode\u00a0perder\u00a0praticamente toda a\u00a0sua\u00a0adequabilidade ambiental, o que representa\u00a0risco para grupos de esp\u00e9cies existentes apenas naquela\u00a0regi\u00e3o, os chamados endemismos.\u00a0A por\u00e7\u00e3o centro-sul da cadeia do Espinha\u00e7o \u00e9 outra \u00e1rea amea\u00e7ada\u00a0pela minera\u00e7\u00e3o \u2013 h\u00e1\u00a0projetos de novas minas para esse trecho da cadeia.<\/p>\n\n\n\n<p>Baixar PDF:<\/p>\n\n\n\n<div class=\"wp-block-file\"><a href=\"https:\/\/sites.icb.ufmg.br\/leeb\/wp-content\/uploads\/2021\/06\/1-s2.0-S253006442030064X-main.pdf\">The fate of endemic birds of eastern Brazilian mountaintops in theface of climate change<\/a><a href=\"https:\/\/sites.icb.ufmg.br\/leeb\/wp-content\/uploads\/2021\/06\/1-s2.0-S253006442030064X-main.pdf\" class=\"wp-block-file__button\" download>Baixar<\/a><\/div>\n","protected":false},"excerpt":{"rendered":"<p>Grupo identifica\u00a010 esp\u00e9cies amea\u00e7adas em montanhas do leste do Brasil Lenheiro-da-serra-do-cip\u00f3 (\u2018Asthenes luizae\u2019), no Parque Nacional das Sempre-Vivas, Diamantina, MG\u00a0Diego&hellip;<\/p>\n","protected":false},"author":1,"featured_media":1256,"comment_status":"open","ping_status":"open","sticky":false,"template":"","format":"standard","meta":{"jetpack_post_was_ever_published":false,"_jetpack_newsletter_access":"","_jetpack_dont_email_post_to_subs":false,"_jetpack_newsletter_tier_id":0,"_jetpack_memberships_contains_paywalled_content":false,"_jetpack_memberships_contains_paid_content":false,"footnotes":""},"categories":[24],"tags":[],"class_list":["post-1254","post","type-post","status-publish","format-standard","has-post-thumbnail","hentry","category-divulgacao-cientifica"],"yoast_head":"<!-- This site is optimized with the Yoast SEO plugin v22.9 - https:\/\/yoast.com\/wordpress\/plugins\/seo\/ -->\n<title>Perigo nas alturas - LEEB<\/title>\n<meta name=\"robots\" content=\"index, follow, max-snippet:-1, max-image-preview:large, max-video-preview:-1\" \/>\n<link rel=\"canonical\" href=\"https:\/\/sites.icb.ufmg.br\/leeb\/perigo-nas-alturas\/\" \/>\n<meta property=\"og:locale\" content=\"pt_BR\" \/>\n<meta property=\"og:type\" content=\"article\" \/>\n<meta property=\"og:title\" content=\"Perigo nas alturas - LEEB\" \/>\n<meta property=\"og:description\" content=\"Grupo identifica\u00a010 esp\u00e9cies amea\u00e7adas em montanhas do leste do Brasil Lenheiro-da-serra-do-cip\u00f3 (\u2018Asthenes luizae\u2019), no Parque Nacional das Sempre-Vivas, Diamantina, MG\u00a0Diego&hellip;\" \/>\n<meta property=\"og:url\" content=\"https:\/\/sites.icb.ufmg.br\/leeb\/perigo-nas-alturas\/\" \/>\n<meta property=\"og:site_name\" content=\"LEEB\" \/>\n<meta property=\"article:publisher\" content=\"https:\/\/www.facebook.com\/LEEB.UFMG\/?locale=pt_BR\" \/>\n<meta property=\"article:published_time\" content=\"2021-06-29T20:35:00+00:00\" \/>\n<meta property=\"article:modified_time\" content=\"2021-06-29T21:36:04+00:00\" \/>\n<meta property=\"og:image\" content=\"https:\/\/sites.icb.ufmg.br\/leeb\/wp-content\/uploads\/2021\/06\/lenheiro-da-serra-do-cipo.jpg\" \/>\n\t<meta property=\"og:image:width\" content=\"1800\" \/>\n\t<meta property=\"og:image:height\" content=\"1349\" \/>\n\t<meta property=\"og:image:type\" content=\"image\/jpeg\" \/>\n<meta name=\"author\" content=\"leebufmg\" \/>\n<meta name=\"twitter:card\" content=\"summary_large_image\" \/>\n<meta name=\"twitter:label1\" content=\"Escrito por\" \/>\n\t<meta name=\"twitter:data1\" content=\"leebufmg\" \/>\n\t<meta name=\"twitter:label2\" content=\"Est. tempo de leitura\" \/>\n\t<meta name=\"twitter:data2\" content=\"3 minutos\" \/>\n<script type=\"application\/ld+json\" class=\"yoast-schema-graph\">{\"@context\":\"https:\/\/schema.org\",\"@graph\":[{\"@type\":\"WebPage\",\"@id\":\"https:\/\/sites.icb.ufmg.br\/leeb\/perigo-nas-alturas\/\",\"url\":\"https:\/\/sites.icb.ufmg.br\/leeb\/perigo-nas-alturas\/\",\"name\":\"Perigo nas alturas - LEEB\",\"isPartOf\":{\"@id\":\"https:\/\/sites.icb.ufmg.br\/leeb\/#website\"},\"primaryImageOfPage\":{\"@id\":\"https:\/\/sites.icb.ufmg.br\/leeb\/perigo-nas-alturas\/#primaryimage\"},\"image\":{\"@id\":\"https:\/\/sites.icb.ufmg.br\/leeb\/perigo-nas-alturas\/#primaryimage\"},\"thumbnailUrl\":\"https:\/\/sites.icb.ufmg.br\/leeb\/wp-content\/uploads\/2021\/06\/lenheiro-da-serra-do-cipo.jpg\",\"datePublished\":\"2021-06-29T20:35:00+00:00\",\"dateModified\":\"2021-06-29T21:36:04+00:00\",\"author\":{\"@id\":\"https:\/\/sites.icb.ufmg.br\/leeb\/#\/schema\/person\/4c9ae608c0f3342a8c3e04e019922627\"},\"breadcrumb\":{\"@id\":\"https:\/\/sites.icb.ufmg.br\/leeb\/perigo-nas-alturas\/#breadcrumb\"},\"inLanguage\":\"pt-BR\",\"potentialAction\":[{\"@type\":\"ReadAction\",\"target\":[\"https:\/\/sites.icb.ufmg.br\/leeb\/perigo-nas-alturas\/\"]}]},{\"@type\":\"ImageObject\",\"inLanguage\":\"pt-BR\",\"@id\":\"https:\/\/sites.icb.ufmg.br\/leeb\/perigo-nas-alturas\/#primaryimage\",\"url\":\"https:\/\/sites.icb.ufmg.br\/leeb\/wp-content\/uploads\/2021\/06\/lenheiro-da-serra-do-cipo.jpg\",\"contentUrl\":\"https:\/\/sites.icb.ufmg.br\/leeb\/wp-content\/uploads\/2021\/06\/lenheiro-da-serra-do-cipo.jpg\",\"width\":1800,\"height\":1349},{\"@type\":\"BreadcrumbList\",\"@id\":\"https:\/\/sites.icb.ufmg.br\/leeb\/perigo-nas-alturas\/#breadcrumb\",\"itemListElement\":[{\"@type\":\"ListItem\",\"position\":1,\"name\":\"In\u00edcio\",\"item\":\"https:\/\/sites.icb.ufmg.br\/leeb\/\"},{\"@type\":\"ListItem\",\"position\":2,\"name\":\"Perigo nas alturas\"}]},{\"@type\":\"WebSite\",\"@id\":\"https:\/\/sites.icb.ufmg.br\/leeb\/#website\",\"url\":\"https:\/\/sites.icb.ufmg.br\/leeb\/\",\"name\":\"LEEB\",\"description\":\"ICB\/UFMG\",\"potentialAction\":[{\"@type\":\"SearchAction\",\"target\":{\"@type\":\"EntryPoint\",\"urlTemplate\":\"https:\/\/sites.icb.ufmg.br\/leeb\/?s={search_term_string}\"},\"query-input\":\"required name=search_term_string\"}],\"inLanguage\":\"pt-BR\"},{\"@type\":\"Person\",\"@id\":\"https:\/\/sites.icb.ufmg.br\/leeb\/#\/schema\/person\/4c9ae608c0f3342a8c3e04e019922627\",\"name\":\"leebufmg\",\"image\":{\"@type\":\"ImageObject\",\"inLanguage\":\"pt-BR\",\"@id\":\"https:\/\/sites.icb.ufmg.br\/leeb\/#\/schema\/person\/image\/\",\"url\":\"https:\/\/secure.gravatar.com\/avatar\/60133cb859b0fc47b9895463acd511cb234c5bfa893b6a9b74f206cb94f8367e?s=96&d=mm&r=g\",\"contentUrl\":\"https:\/\/secure.gravatar.com\/avatar\/60133cb859b0fc47b9895463acd511cb234c5bfa893b6a9b74f206cb94f8367e?s=96&d=mm&r=g\",\"caption\":\"leebufmg\"},\"sameAs\":[\"http:\"],\"url\":\"https:\/\/sites.icb.ufmg.br\/leeb\/author\/leebufmg\/\"}]}<\/script>\n<!-- \/ Yoast SEO plugin. -->","yoast_head_json":{"title":"Perigo nas alturas - LEEB","robots":{"index":"index","follow":"follow","max-snippet":"max-snippet:-1","max-image-preview":"max-image-preview:large","max-video-preview":"max-video-preview:-1"},"canonical":"https:\/\/sites.icb.ufmg.br\/leeb\/perigo-nas-alturas\/","og_locale":"pt_BR","og_type":"article","og_title":"Perigo nas alturas - LEEB","og_description":"Grupo identifica\u00a010 esp\u00e9cies amea\u00e7adas em montanhas do leste do Brasil Lenheiro-da-serra-do-cip\u00f3 (\u2018Asthenes luizae\u2019), no Parque Nacional das Sempre-Vivas, Diamantina, MG\u00a0Diego&hellip;","og_url":"https:\/\/sites.icb.ufmg.br\/leeb\/perigo-nas-alturas\/","og_site_name":"LEEB","article_publisher":"https:\/\/www.facebook.com\/LEEB.UFMG\/?locale=pt_BR","article_published_time":"2021-06-29T20:35:00+00:00","article_modified_time":"2021-06-29T21:36:04+00:00","og_image":[{"width":1800,"height":1349,"url":"https:\/\/sites.icb.ufmg.br\/leeb\/wp-content\/uploads\/2021\/06\/lenheiro-da-serra-do-cipo.jpg","type":"image\/jpeg"}],"author":"leebufmg","twitter_card":"summary_large_image","twitter_misc":{"Escrito por":"leebufmg","Est. tempo de leitura":"3 minutos"},"schema":{"@context":"https:\/\/schema.org","@graph":[{"@type":"WebPage","@id":"https:\/\/sites.icb.ufmg.br\/leeb\/perigo-nas-alturas\/","url":"https:\/\/sites.icb.ufmg.br\/leeb\/perigo-nas-alturas\/","name":"Perigo nas alturas - LEEB","isPartOf":{"@id":"https:\/\/sites.icb.ufmg.br\/leeb\/#website"},"primaryImageOfPage":{"@id":"https:\/\/sites.icb.ufmg.br\/leeb\/perigo-nas-alturas\/#primaryimage"},"image":{"@id":"https:\/\/sites.icb.ufmg.br\/leeb\/perigo-nas-alturas\/#primaryimage"},"thumbnailUrl":"https:\/\/sites.icb.ufmg.br\/leeb\/wp-content\/uploads\/2021\/06\/lenheiro-da-serra-do-cipo.jpg","datePublished":"2021-06-29T20:35:00+00:00","dateModified":"2021-06-29T21:36:04+00:00","author":{"@id":"https:\/\/sites.icb.ufmg.br\/leeb\/#\/schema\/person\/4c9ae608c0f3342a8c3e04e019922627"},"breadcrumb":{"@id":"https:\/\/sites.icb.ufmg.br\/leeb\/perigo-nas-alturas\/#breadcrumb"},"inLanguage":"pt-BR","potentialAction":[{"@type":"ReadAction","target":["https:\/\/sites.icb.ufmg.br\/leeb\/perigo-nas-alturas\/"]}]},{"@type":"ImageObject","inLanguage":"pt-BR","@id":"https:\/\/sites.icb.ufmg.br\/leeb\/perigo-nas-alturas\/#primaryimage","url":"https:\/\/sites.icb.ufmg.br\/leeb\/wp-content\/uploads\/2021\/06\/lenheiro-da-serra-do-cipo.jpg","contentUrl":"https:\/\/sites.icb.ufmg.br\/leeb\/wp-content\/uploads\/2021\/06\/lenheiro-da-serra-do-cipo.jpg","width":1800,"height":1349},{"@type":"BreadcrumbList","@id":"https:\/\/sites.icb.ufmg.br\/leeb\/perigo-nas-alturas\/#breadcrumb","itemListElement":[{"@type":"ListItem","position":1,"name":"In\u00edcio","item":"https:\/\/sites.icb.ufmg.br\/leeb\/"},{"@type":"ListItem","position":2,"name":"Perigo nas alturas"}]},{"@type":"WebSite","@id":"https:\/\/sites.icb.ufmg.br\/leeb\/#website","url":"https:\/\/sites.icb.ufmg.br\/leeb\/","name":"LEEB","description":"ICB\/UFMG","potentialAction":[{"@type":"SearchAction","target":{"@type":"EntryPoint","urlTemplate":"https:\/\/sites.icb.ufmg.br\/leeb\/?s={search_term_string}"},"query-input":"required name=search_term_string"}],"inLanguage":"pt-BR"},{"@type":"Person","@id":"https:\/\/sites.icb.ufmg.br\/leeb\/#\/schema\/person\/4c9ae608c0f3342a8c3e04e019922627","name":"leebufmg","image":{"@type":"ImageObject","inLanguage":"pt-BR","@id":"https:\/\/sites.icb.ufmg.br\/leeb\/#\/schema\/person\/image\/","url":"https:\/\/secure.gravatar.com\/avatar\/60133cb859b0fc47b9895463acd511cb234c5bfa893b6a9b74f206cb94f8367e?s=96&d=mm&r=g","contentUrl":"https:\/\/secure.gravatar.com\/avatar\/60133cb859b0fc47b9895463acd511cb234c5bfa893b6a9b74f206cb94f8367e?s=96&d=mm&r=g","caption":"leebufmg"},"sameAs":["http:"],"url":"https:\/\/sites.icb.ufmg.br\/leeb\/author\/leebufmg\/"}]}},"jetpack_featured_media_url":"https:\/\/sites.icb.ufmg.br\/leeb\/wp-content\/uploads\/2021\/06\/lenheiro-da-serra-do-cipo.jpg","jetpack_sharing_enabled":true,"_links":{"self":[{"href":"https:\/\/sites.icb.ufmg.br\/leeb\/wp-json\/wp\/v2\/posts\/1254","targetHints":{"allow":["GET"]}}],"collection":[{"href":"https:\/\/sites.icb.ufmg.br\/leeb\/wp-json\/wp\/v2\/posts"}],"about":[{"href":"https:\/\/sites.icb.ufmg.br\/leeb\/wp-json\/wp\/v2\/types\/post"}],"author":[{"embeddable":true,"href":"https:\/\/sites.icb.ufmg.br\/leeb\/wp-json\/wp\/v2\/users\/1"}],"replies":[{"embeddable":true,"href":"https:\/\/sites.icb.ufmg.br\/leeb\/wp-json\/wp\/v2\/comments?post=1254"}],"version-history":[{"count":2,"href":"https:\/\/sites.icb.ufmg.br\/leeb\/wp-json\/wp\/v2\/posts\/1254\/revisions"}],"predecessor-version":[{"id":1258,"href":"https:\/\/sites.icb.ufmg.br\/leeb\/wp-json\/wp\/v2\/posts\/1254\/revisions\/1258"}],"wp:featuredmedia":[{"embeddable":true,"href":"https:\/\/sites.icb.ufmg.br\/leeb\/wp-json\/wp\/v2\/media\/1256"}],"wp:attachment":[{"href":"https:\/\/sites.icb.ufmg.br\/leeb\/wp-json\/wp\/v2\/media?parent=1254"}],"wp:term":[{"taxonomy":"category","embeddable":true,"href":"https:\/\/sites.icb.ufmg.br\/leeb\/wp-json\/wp\/v2\/categories?post=1254"},{"taxonomy":"post_tag","embeddable":true,"href":"https:\/\/sites.icb.ufmg.br\/leeb\/wp-json\/wp\/v2\/tags?post=1254"}],"curies":[{"name":"wp","href":"https:\/\/api.w.org\/{rel}","templated":true}]}}