{"id":1234,"date":"2023-09-13T11:34:40","date_gmt":"2023-09-13T14:34:40","guid":{"rendered":"https:\/\/sites.icb.ufmg.br\/morfologia\/portal\/?p=1234"},"modified":"2023-09-13T11:34:54","modified_gmt":"2023-09-13T14:34:54","slug":"eventos-de-extensao","status":"publish","type":"post","link":"https:\/\/sites.icb.ufmg.br\/morfologia\/portal\/eventos-de-extensao\/","title":{"rendered":"Eventos de Extens\u00e3o"},"content":{"rendered":"\n<p><\/p>\n\n\n\n<figure class=\"wp-block-image size-large is-resized\"><img fetchpriority=\"high\" decoding=\"async\" src=\"https:\/\/sites.icb.ufmg.br\/morfologia\/portal\/wp-content\/uploads\/2023\/09\/Departamento-de-Morfologia-SIEX02-1024x144.jpg\" alt=\"\" class=\"wp-image-1220\" style=\"width:1196px;height:168px\" width=\"1196\" height=\"168\"\/><\/figure>\n\n\n\n<figure class=\"wp-block-table\"><table><tbody><tr><td><strong>Registro<\/strong><\/td><td><strong>Tipo<\/strong><strong><\/strong><\/td><td><strong>T\u00edtulo<\/strong><strong><\/strong><\/td><td><strong>Unidade<\/strong><strong><\/strong><\/td><td><strong>Departamento<\/strong><strong><\/strong><\/td><td><strong>Coordenador<\/strong><strong><\/strong><\/td><td><strong>Status<\/strong><strong><\/strong><\/td><\/tr><tr><td>204977<\/td><td>Evento<\/td><td>Jornada de Empreendedorismo Acad\u00eamico<\/td><td>Instituto de Ci\u00eancias Biol\u00f3gicas<\/td><td>Biologia Celular<\/td><td>MARA LIVIA DOS SANTOS<\/td><td>Atividade em desenvolvimento<\/td><\/tr><tr><td>204976<\/td><td>Evento<\/td><td>Semana de Extens\u00e3o das Ci\u00eancias Biol\u00f3gicas<\/td><td>Instituto de Ci\u00eancias Biol\u00f3gicas<\/td><td>Colegiado do Ciclo B\u00e1sico Ci\u00eancias Biol\u00f3gicas<\/td><td>GLEIDE FERNANDES DE AVELAR<\/td><td>Atividade em desenvolvimento<\/td><\/tr><\/tbody><\/table><\/figure>\n","protected":false},"excerpt":{"rendered":"<p><span class=\"excerpt-hellip\"> [\u2026]<\/span><\/p>\n","protected":false},"author":4,"featured_media":0,"comment_status":"open","ping_status":"open","sticky":false,"template":"","format":"standard","meta":{"_editorskit_title_hidden":false,"_editorskit_reading_time":0,"_editorskit_is_block_options_detached":false,"_editorskit_block_options_position":"{}","footnotes":""},"categories":[1],"tags":[],"post_folder":[],"class_list":["post-1234","post","type-post","status-publish","format-standard","hentry","category-sem-categoria"],"_links":{"self":[{"href":"https:\/\/sites.icb.ufmg.br\/morfologia\/portal\/wp-json\/wp\/v2\/posts\/1234"}],"collection":[{"href":"https:\/\/sites.icb.ufmg.br\/morfologia\/portal\/wp-json\/wp\/v2\/posts"}],"about":[{"href":"https:\/\/sites.icb.ufmg.br\/morfologia\/portal\/wp-json\/wp\/v2\/types\/post"}],"author":[{"embeddable":true,"href":"https:\/\/sites.icb.ufmg.br\/morfologia\/portal\/wp-json\/wp\/v2\/users\/4"}],"replies":[{"embeddable":true,"href":"https:\/\/sites.icb.ufmg.br\/morfologia\/portal\/wp-json\/wp\/v2\/comments?post=1234"}],"version-history":[{"count":2,"href":"https:\/\/sites.icb.ufmg.br\/morfologia\/portal\/wp-json\/wp\/v2\/posts\/1234\/revisions"}],"predecessor-version":[{"id":1236,"href":"https:\/\/sites.icb.ufmg.br\/morfologia\/portal\/wp-json\/wp\/v2\/posts\/1234\/revisions\/1236"}],"wp:attachment":[{"href":"https:\/\/sites.icb.ufmg.br\/morfologia\/portal\/wp-json\/wp\/v2\/media?parent=1234"}],"wp:term":[{"taxonomy":"category","embeddable":true,"href":"https:\/\/sites.icb.ufmg.br\/morfologia\/portal\/wp-json\/wp\/v2\/categories?post=1234"},{"taxonomy":"post_tag","embeddable":true,"href":"https:\/\/sites.icb.ufmg.br\/morfologia\/portal\/wp-json\/wp\/v2\/tags?post=1234"},{"taxonomy":"post_folder","embeddable":true,"href":"https:\/\/sites.icb.ufmg.br\/morfologia\/portal\/wp-json\/wp\/v2\/post_folder?post=1234"}],"curies":[{"name":"wp","href":"https:\/\/api.w.org\/{rel}","templated":true}]}}