{"id":967,"date":"2023-08-30T08:34:32","date_gmt":"2023-08-30T11:34:32","guid":{"rendered":"https:\/\/sites.icb.ufmg.br\/morfologia\/portal\/?p=967"},"modified":"2026-03-19T11:36:58","modified_gmt":"2026-03-19T14:36:58","slug":"selecao-para-monitoria-da-graduacao","status":"publish","type":"post","link":"https:\/\/sites.icb.ufmg.br\/morfologia\/portal\/selecao-para-monitoria-da-graduacao\/","title":{"rendered":"Sele\u00e7\u00e3o para Monitoria da Gradua\u00e7\u00e3o 2026"},"content":{"rendered":"\n<h3 class=\"wp-block-heading\" id=\"divulgaoparaositedodepartamentodemorfologiaeditalpmgmonitoriaemembriologia\">\ud83d\udd2c <strong>Programa de Monitoria da Gradua\u00e7\u00e3o (PMG) \u2013 Edital 06\/2026 | Histologia Sist\u00eamica<\/strong><\/h3>\n\n\n\n<p>O Departamento de Morfologia (ICB\/UFMG) torna p\u00fablico o <strong>Edital PMG n\u00ba 06\/2026 \u2013 Histologia Sist\u00eamica<\/strong> para sele\u00e7\u00e3o de estudantes de gradua\u00e7\u00e3o da UFMG para atua\u00e7\u00e3o no PMG, na modalidade <strong>bolsista<\/strong> e\/ou <strong>volunt\u00e1rio(a)<\/strong>, conforme normas institucionais e orienta\u00e7\u00f5es do Sistema de Fomento\/PROGRAD, incluindo o gerenciamento de vagas por <strong>Ampla Concorr\u00eancia (AC)<\/strong> e <strong>A\u00e7\u00f5es Afirmativas (AA)<\/strong>.<\/p>\n\n\n\n<hr class=\"wp-block-separator has-alpha-channel-opacity\"\/>\n\n\n\n<h3 class=\"wp-block-heading\" id=\"1inscries\">\ud83d\udcc5 <strong>1) Inscri\u00e7\u00f5es<\/strong><\/h3>\n\n\n\n<ul class=\"wp-block-list\">\n<li><strong>Per\u00edodo:<\/strong> <strong>18\/03\/2026 a 26\/03\/2026<\/strong> (00:00 \u00e0s 23:59 \u2013 hor\u00e1rio de Bras\u00edlia)<\/li>\n\n\n\n<li><strong>Como se inscrever:<\/strong> enviar e-mail para <strong>dmor@icb.ufmg.br<\/strong> com <strong>c\u00f3pia (CC)<\/strong> para <strong>citologiahistologiageral@gmail.com<\/strong><\/li>\n\n\n\n<li><strong>Obrigat\u00f3rio no corpo do e-mail:<\/strong>\n<ul class=\"wp-block-list\">\n<li>Nome completo<\/li>\n\n\n\n<li>N\u00famero de matr\u00edcula UFMG<\/li>\n\n\n\n<li>Telefone para contato<\/li>\n\n\n\n<li>Endere\u00e7o de e-mail<\/li>\n\n\n\n<li>Modalidade de concorr\u00eancia: <strong>AC<\/strong> ou <strong>AA<\/strong><\/li>\n<\/ul>\n<\/li>\n<\/ul>\n\n\n\n<blockquote class=\"wp-block-quote is-layout-flow wp-block-quote-is-layout-flow\">\n<p>Inscri\u00e7\u00f5es que n\u00e3o atenderem \u00e0s normas do edital ser\u00e3o <strong>indeferidas\/canceladas<\/strong>.<\/p>\n<\/blockquote>\n\n\n\n<hr class=\"wp-block-separator has-alpha-channel-opacity\"\/>\n\n\n\n<h3 class=\"wp-block-heading\" id=\"2vagasmodalidadesebolsa\">\ud83d\udcb0 <strong>2) Vagas, modalidades e bolsa<\/strong><\/h3>\n\n\n\n<p><strong>Disciplina\/Atividade:<\/strong> <strong>Histologia Sist\u00eamica<\/strong><\/p>\n\n\n\n<ul class=\"wp-block-list\">\n<li><strong>Bolsistas (AC):<\/strong> <strong>02<\/strong> vagas<\/li>\n\n\n\n<li><strong>Bolsistas (AA):<\/strong> <strong>01<\/strong> vaga<\/li>\n\n\n\n<li><strong>Valor da bolsa:<\/strong> <strong>R$ 700,00<\/strong><\/li>\n\n\n\n<li><strong>Volunt\u00e1rios:<\/strong><strong>15<\/strong> vagas\n<ul class=\"wp-block-list\">\n<li><em>As vagas de volunt\u00e1rios n\u00e3o d\u00e3o direito ao recebimento da bolsa (R$ 700,00).<\/em><\/li>\n<\/ul>\n<\/li>\n<\/ul>\n\n\n\n<hr class=\"wp-block-separator has-alpha-channel-opacity\"\/>\n\n\n\n<h3 class=\"wp-block-heading\" id=\"3regrasaaelistanicaprograd\">\ud83e\uddfe <strong>3) Regras AA e Lista \u00danica (PROGRAD)<\/strong><\/h3>\n\n\n\n<ul class=\"wp-block-list\">\n<li>Candidatos(as) inscritos(as) em <strong>AA<\/strong> concorrem simultaneamente \u00e0s vagas de <strong>AC<\/strong>.<\/li>\n\n\n\n<li>A <strong>classifica\u00e7\u00e3o<\/strong> ser\u00e1 em <strong>lista \u00fanica<\/strong>, por ordem decrescente de desempenho, <strong>sem separa\u00e7\u00e3o por modalidade<\/strong>, conforme orienta\u00e7\u00e3o da PROGRAD.<\/li>\n\n\n\n<li>Preenchimento inicial das vagas:\n<ol class=\"wp-block-list\">\n<li>Primeiro, vagas <strong>AC<\/strong> pelos(as) primeiros(as) colocados(as) da lista \u00fanica (independente de inscri\u00e7\u00e3o AC ou AA).<\/li>\n\n\n\n<li>Depois, vagas <strong>AA<\/strong> com o(a) pr\u00f3ximo(a) candidato(a) da lista \u00fanica inscrito(a) em AA, sucessivamente, at\u00e9 completar.<\/li>\n<\/ol>\n<\/li>\n<\/ul>\n\n\n\n<p><strong>Refer\u00eancia (PROGRAD \u2013 Lista \u00danica\/AA):<\/strong><br><a href=\"https:\/\/www.ufmg.br\/prograd\/arquivos\/bolsas\/MinutaListaUnicaAA.pdf\" target=\"_blank\" rel=\"noreferrer noopener\">MinutaListaUnicaAA.pdf<\/a><\/p>\n\n\n\n<hr class=\"wp-block-separator has-alpha-channel-opacity\"\/>\n\n\n\n<h3 class=\"wp-block-heading\" id=\"4cargahorria\">\u23f1\ufe0f <strong>4) Carga hor\u00e1ria<\/strong><\/h3>\n\n\n\n<ul class=\"wp-block-list\">\n<li><strong>20 horas semanais<\/strong>, sendo <strong>8 horas<\/strong> destinadas a estudos individuais e planejamento (cronograma flex\u00edvel).<\/li>\n<\/ul>\n\n\n\n<hr class=\"wp-block-separator has-alpha-channel-opacity\"\/>\n\n\n\n<h3 class=\"wp-block-heading\" id=\"5requisitos\">\u2705 <strong>5) Requisitos<\/strong><\/h3>\n\n\n\n<ul class=\"wp-block-list\">\n<li>Estar regularmente matriculado(a) em curso de gradua\u00e7\u00e3o da UFMG.<\/li>\n\n\n\n<li>Manter <strong>RSG \u2265 2<\/strong> ou <strong>NSG \u2265 60<\/strong> (\u00faltimo semestre, conforme DRCA).\n<ul class=\"wp-block-list\">\n<li>Regra n\u00e3o se aplica a estudantes sem RSG\/NSG semestral lan\u00e7ado por entrada recente na UFMG.<\/li>\n<\/ul>\n<\/li>\n<\/ul>\n\n\n\n<hr class=\"wp-block-separator has-alpha-channel-opacity\"\/>\n\n\n\n<h3 class=\"wp-block-heading\" id=\"6perfildesejadodoacandidatoaresumo\">\ud83e\udde0 <strong>6) Perfil desejado do(a) candidato(a) (resumo)<\/strong><\/h3>\n\n\n\n<ul class=\"wp-block-list\">\n<li>Habilidade com <strong>microsc\u00f3pio \u00f3ptico<\/strong> e base te\u00f3rico-pr\u00e1tica em Histologia Sist\u00eamica.<\/li>\n\n\n\n<li>Compromisso com reuni\u00f5es e rotinas do PMG.<\/li>\n\n\n\n<li>Disponibilidade para atua\u00e7\u00e3o presencial diurna e\/ou noturna e <strong>plant\u00f5es<\/strong>.<\/li>\n\n\n\n<li>Familiaridade com <strong>Moodle<\/strong>, <strong>Microsoft Teams<\/strong> e metodologias ativas (mapas conceituais, TBL, sala de aula invertida).<\/li>\n\n\n\n<li>Disposi\u00e7\u00e3o para apoiar eventos acad\u00eamicos (ex.: Semana do Conhecimento).<\/li>\n<\/ul>\n\n\n\n<hr class=\"wp-block-separator has-alpha-channel-opacity\"\/>\n\n\n\n<h3 class=\"wp-block-heading\" id=\"7documentosparainscrioanexarnoemail\">\ud83d\udcce <strong>7) Documentos para inscri\u00e7\u00e3o (anexar no e-mail)<\/strong><\/h3>\n\n\n\n<ul class=\"wp-block-list\">\n<li>Identidade e CPF<\/li>\n\n\n\n<li>Comprovante de matr\u00edcula atualizado<\/li>\n\n\n\n<li>Hist\u00f3rico escolar atualizado<\/li>\n\n\n\n<li>Para AA: documenta\u00e7\u00e3o comprobat\u00f3ria (FUMP\/DRCA, conforme edital)<\/li>\n\n\n\n<li>Informar <strong>disponibilidade de dias e hor\u00e1rios<\/strong> para a monitoria (manh\u00e3\/tarde\/noite)<\/li>\n\n\n\n<li>Informar disponibilidade para <strong>reuni\u00f5es \u00e0s quintas-feiras (12h30\u201313h00)<\/strong><\/li>\n<\/ul>\n\n\n\n<hr class=\"wp-block-separator has-alpha-channel-opacity\"\/>\n\n\n\n<h3 class=\"wp-block-heading\" id=\"8seleo\">\ud83e\uddea <strong>8) Sele\u00e7\u00e3o<\/strong><\/h3>\n\n\n\n<ul class=\"wp-block-list\">\n<li><strong>Nota m\u00ednima para aprova\u00e7\u00e3o:<\/strong> <strong>60,00<\/strong><\/li>\n<\/ul>\n\n\n\n<p><strong>Etapas\/pontua\u00e7\u00e3o:<\/strong><\/p>\n\n\n\n<ul class=\"wp-block-list\">\n<li><strong>Prova Te\u00f3rico-Pr\u00e1tica \u2013 80 pontos (eliminat\u00f3ria)<\/strong><\/li>\n\n\n\n<li><strong>Entrevista \u2013 10 pontos<\/strong><\/li>\n\n\n\n<li><strong>Disponibilidade de hor\u00e1rio \u2013 12 pontos (classificat\u00f3ria)<\/strong> (m\u00ednimo 12h dispon\u00edveis para aulas pr\u00e1ticas)<\/li>\n\n\n\n<li><strong>Disponibilidade para aulas noturnas \u2013 13 pontos (classificat\u00f3ria)<\/strong><\/li>\n\n\n\n<li><strong>Hist\u00f3rico escolar e curr\u00edculo \u2013 2 pontos (classificat\u00f3ria)<\/strong><\/li>\n\n\n\n<li><strong>Plant\u00e3o de d\u00favidas \u2013 3 pontos (classificat\u00f3ria)<\/strong> (2h semanais)<\/li>\n\n\n\n<li><strong>Reuni\u00f5es quinzenais \u2013 obrigat\u00f3rio<\/strong> (quintas, 12h30\u201313h00)<\/li>\n<\/ul>\n\n\n\n<p><strong>Hor\u00e1rio:<\/strong> <strong>12h30<\/strong><br><strong>Local:<\/strong> ICB \u2013 Bloco <strong>K2<\/strong>, sala <strong>249<\/strong> (sala de aula pr\u00e1tica)<\/p>\n\n\n\n<blockquote class=\"wp-block-quote is-layout-flow wp-block-quote-is-layout-flow\">\n<p><strong>Aten\u00e7\u00e3o:<\/strong> o texto do edital traz <strong>duas datas diferentes<\/strong> para a sele\u00e7\u00e3o (<strong>25\/03\/2026<\/strong> e <strong>27\/03\/2026<\/strong>). Para divulga\u00e7\u00e3o no site, recomenda-se publicar como <strong>\u201cdata a confirmar\u201d<\/strong> at\u00e9 a corre\u00e7\u00e3o oficial.<\/p>\n<\/blockquote>\n\n\n\n<hr class=\"wp-block-separator has-alpha-channel-opacity\"\/>\n\n\n\n<h3 class=\"wp-block-heading\" id=\"9resultado\">\ud83d\udce3 <strong>9) Resultado<\/strong><\/h3>\n\n\n\n<ul class=\"wp-block-list\">\n<li><strong>Divulga\u00e7\u00e3o:<\/strong> <strong>02\/04\/2026<\/strong><\/li>\n\n\n\n<li>Classifica\u00e7\u00e3o em <strong>lista \u00fanica<\/strong>, conforme PROGRAD (link acima).<\/li>\n<\/ul>\n\n\n\n<hr class=\"wp-block-separator has-alpha-channel-opacity\"\/>\n\n\n\n<h3 class=\"wp-block-heading\" id=\"contatoparainscrio\">\u2709\ufe0f <strong>Contato para inscri\u00e7\u00e3o<\/strong><\/h3>\n\n\n\n<p><strong>dmor@icb.ufmg.br<\/strong> (com CC para <strong>citologiahistologiageral@gmail.com<\/strong>)<\/p>\n\n\n\n<p><\/p>\n\n\n\n<p><mark style=\"background-color:rgba(0, 0, 0, 0)\" class=\"has-inline-color has-vivid-green-cyan-color\"><strong><a href=\"https:\/\/sites.icb.ufmg.br\/morfologia\/portal\/wp-content\/uploads\/2026\/03\/HISTOLOGIA-SISTEMICA_2026_02.pdf\" target=\"_blank\" rel=\"noreferrer noopener\">EDITAL AQUI<\/a><\/strong><\/mark><\/p>\n\n\n<div class=\"real3dflipbook\" id=\"47_69f42062b36c7\" style=\"position:absolute;\"><\/div>\n\n\n\n<p><strong><a href=\"https:\/\/sites.icb.ufmg.br\/morfologia\/portal\/monitoria-de-histologia\/\" target=\"_blank\" rel=\"noreferrer noopener\"><mark style=\"background-color:rgba(0, 0, 0, 0)\" class=\"has-inline-color has-vivid-cyan-blue-color\">Histologia Sist\u00eamica _ 2026<\/mark><\/a><\/strong><\/p>\n\n\n\n<p><\/p>\n\n\n\n<h3 class=\"wp-block-heading\"><strong><span class=\"has-inline-background\" style=\"background-color:#ffffff\">EDITAIS &#8211;<\/span><\/strong><span class=\"has-inline-background\" style=\"background-color:#cf2e2e\"><strong>ENCERRADOS:<\/strong><\/span><\/h3>\n\n\n\n<p class=\"has-text-align-left\"><strong><a href=\"https:\/\/sites.icb.ufmg.br\/morfologia\/portal\/monitoria-de-anatomia-humana\/\" target=\"_blank\" rel=\"noreferrer noopener\"><mark style=\"background-color:rgba(0, 0, 0, 0)\" class=\"has-inline-color has-vivid-red-color\">ANATOMIA HUMANA   2026<\/mark><\/a><\/strong><\/p>\n\n\n\n<p><strong><a href=\"https:\/\/sites.icb.ufmg.br\/morfologia\/portal\/monitoria-de-embriologia\/\" target=\"_blank\" rel=\"noreferrer noopener\"><mark style=\"background-color:rgba(0, 0, 0, 0)\" class=\"has-inline-color has-vivid-red-color\"><em>EMBRIOLOGIA( GERAL E M\u00c9DICA)<\/em> 2026<\/mark><\/a><\/strong><\/p>\n\n\n\n<p class=\"has-text-align-left\"><a href=\"https:\/\/sites.icb.ufmg.br\/morfologia\/portal\/monitoria-de-anatomia-veterinaria\/\"><strong><mark style=\"background-color:rgba(0, 0, 0, 0)\" class=\"has-inline-color has-vivid-red-color\"><em>ANATOMIA VETERIN\u00c1RIA<\/em>  2026<\/mark><\/strong><\/a><\/p>\n\n\n\n<p><strong><a href=\"https:\/\/sites.icb.ufmg.br\/morfologia\/portal\/neuroanatomia-2\/\"><mark style=\"background-color:rgba(0, 0, 0, 0)\" class=\"has-inline-color has-vivid-red-color\">Neuroanatomia_ENCERRADO 2026<\/mark><\/a><\/strong><\/p>\n\n\n\n<p class=\"has-text-align-justify\"><em><strong><a href=\"https:\/\/sites.icb.ufmg.br\/morfologia\/portal\/monitoria-de-citologia-e-histologia-geral\/\"><mark style=\"background-color:rgba(0, 0, 0, 0)\" class=\"has-inline-color has-vivid-red-color\">Citologia e Histologia Geral (CHG)_ ENCERRADO 2025<\/mark><\/a><\/strong><\/em><\/p>\n\n\n\n<p><a aria-label=\"Programa para o Desenvolvimento do Ensino de Gradua\u00e7\u00e3o (opens in a new tab)\" class=\"ek-link\" href=\"https:\/\/sites.icb.ufmg.br\/morfologia\/portal\/programa-para-o-desenvolvimento-do-ensino-de-graduacao-novo\/\" target=\"_blank\" rel=\"noreferrer noopener\"><mark style=\"background-color:rgba(0, 0, 0, 0)\" class=\"has-inline-color has-vivid-red-color\"><strong>Programa para o Desenvolvimento do Ensino de Gradua\u00e7\u00e3o<\/strong><\/mark><\/a><strong><mark style=\"background-color:rgba(0, 0, 0, 0)\" class=\"has-inline-color has-vivid-red-color\"> &#8211; ENCERRADO 2024<\/mark><\/strong><\/p>\n\n\n\n<p class=\"has-text-align-center\"><\/p>\n\n\n\n<p><\/p>\n\n\n\n<p><\/p>\n\n\n\n<p><\/p>\n\n\n\n<p><\/p>\n","protected":false},"excerpt":{"rendered":"<p><span class=\"excerpt-hellip\"> [\u2026]<\/span><\/p>\n","protected":false},"author":4,"featured_media":0,"comment_status":"open","ping_status":"open","sticky":false,"template":"","format":"standard","meta":{"_editorskit_title_hidden":false,"_editorskit_reading_time":0,"_editorskit_is_block_options_detached":false,"_editorskit_block_options_position":"{}","footnotes":""},"categories":[4],"tags":[],"post_folder":[],"class_list":["post-967","post","type-post","status-publish","format-standard","hentry","category-concursos-e-selecoes"],"_links":{"self":[{"href":"https:\/\/sites.icb.ufmg.br\/morfologia\/portal\/wp-json\/wp\/v2\/posts\/967"}],"collection":[{"href":"https:\/\/sites.icb.ufmg.br\/morfologia\/portal\/wp-json\/wp\/v2\/posts"}],"about":[{"href":"https:\/\/sites.icb.ufmg.br\/morfologia\/portal\/wp-json\/wp\/v2\/types\/post"}],"author":[{"embeddable":true,"href":"https:\/\/sites.icb.ufmg.br\/morfologia\/portal\/wp-json\/wp\/v2\/users\/4"}],"replies":[{"embeddable":true,"href":"https:\/\/sites.icb.ufmg.br\/morfologia\/portal\/wp-json\/wp\/v2\/comments?post=967"}],"version-history":[{"count":142,"href":"https:\/\/sites.icb.ufmg.br\/morfologia\/portal\/wp-json\/wp\/v2\/posts\/967\/revisions"}],"predecessor-version":[{"id":3533,"href":"https:\/\/sites.icb.ufmg.br\/morfologia\/portal\/wp-json\/wp\/v2\/posts\/967\/revisions\/3533"}],"wp:attachment":[{"href":"https:\/\/sites.icb.ufmg.br\/morfologia\/portal\/wp-json\/wp\/v2\/media?parent=967"}],"wp:term":[{"taxonomy":"category","embeddable":true,"href":"https:\/\/sites.icb.ufmg.br\/morfologia\/portal\/wp-json\/wp\/v2\/categories?post=967"},{"taxonomy":"post_tag","embeddable":true,"href":"https:\/\/sites.icb.ufmg.br\/morfologia\/portal\/wp-json\/wp\/v2\/tags?post=967"},{"taxonomy":"post_folder","embeddable":true,"href":"https:\/\/sites.icb.ufmg.br\/morfologia\/portal\/wp-json\/wp\/v2\/post_folder?post=967"}],"curies":[{"name":"wp","href":"https:\/\/api.w.org\/{rel}","templated":true}]}}